{"id":1156,"date":"2022-11-23T11:07:30","date_gmt":"2022-11-23T11:07:30","guid":{"rendered":"https:\/\/vivariumdemeyrin.ch\/?p=1156"},"modified":"2022-11-23T11:24:25","modified_gmt":"2022-11-23T11:24:25","slug":"la-tortue-etoilee-dinde","status":"publish","type":"post","link":"https:\/\/vivariumdemeyrin.ch\/?p=1156","title":{"rendered":"La Tortue \u00e9toil\u00e9e d&rsquo;Inde"},"content":{"rendered":"<p><img data-attachment-id=\"1152\" data-permalink=\"https:\/\/vivariumdemeyrin.ch\/?attachment_id=1152\" data-orig-file=\"https:\/\/i0.wp.com\/vivariumdemeyrin.ch\/wp-content\/uploads\/2022\/11\/Geochelone-elegans-DSC_6915.jpg?fit=1437%2C900&amp;ssl=1\" data-orig-size=\"1437,900\" data-comments-opened=\"0\" data-image-meta=\"{&quot;aperture&quot;:&quot;5.3&quot;,&quot;credit&quot;:&quot;Charly Merminod&quot;,&quot;camera&quot;:&quot;NIKON D800&quot;,&quot;caption&quot;:&quot;&quot;,&quot;created_timestamp&quot;:&quot;1450970644&quot;,&quot;copyright&quot;:&quot;\\u00a9 Charly Merminod&quot;,&quot;focal_length&quot;:&quot;100&quot;,&quot;iso&quot;:&quot;4000&quot;,&quot;shutter_speed&quot;:&quot;0.01&quot;,&quot;title&quot;:&quot;&quot;,&quot;orientation&quot;:&quot;1&quot;}\" data-image-title=\"Geochelone elegans DSC_6915\" data-image-description=\"\" data-image-caption=\"\" data-medium-file=\"https:\/\/i0.wp.com\/vivariumdemeyrin.ch\/wp-content\/uploads\/2022\/11\/Geochelone-elegans-DSC_6915.jpg?fit=300%2C188&amp;ssl=1\" data-large-file=\"https:\/\/i0.wp.com\/vivariumdemeyrin.ch\/wp-content\/uploads\/2022\/11\/Geochelone-elegans-DSC_6915.jpg?fit=640%2C401&amp;ssl=1\" decoding=\"async\" loading=\"lazy\" class=\"alignnone wp-image-1152 size-medium\" src=\"https:\/\/i0.wp.com\/vivariumdemeyrin.ch\/wp-content\/uploads\/2022\/11\/Geochelone-elegans-DSC_6915.jpg?resize=300%2C188\" alt=\"\" width=\"300\" height=\"188\" srcset=\"https:\/\/i0.wp.com\/vivariumdemeyrin.ch\/wp-content\/uploads\/2022\/11\/Geochelone-elegans-DSC_6915.jpg?resize=300%2C188&amp;ssl=1 300w, https:\/\/i0.wp.com\/vivariumdemeyrin.ch\/wp-content\/uploads\/2022\/11\/Geochelone-elegans-DSC_6915.jpg?resize=1024%2C641&amp;ssl=1 1024w, https:\/\/i0.wp.com\/vivariumdemeyrin.ch\/wp-content\/uploads\/2022\/11\/Geochelone-elegans-DSC_6915.jpg?resize=768%2C481&amp;ssl=1 768w, https:\/\/i0.wp.com\/vivariumdemeyrin.ch\/wp-content\/uploads\/2022\/11\/Geochelone-elegans-DSC_6915.jpg?w=1437&amp;ssl=1 1437w, https:\/\/i0.wp.com\/vivariumdemeyrin.ch\/wp-content\/uploads\/2022\/11\/Geochelone-elegans-DSC_6915.jpg?w=1280 1280w\" sizes=\"(max-width: 300px) 100vw, 300px\" data-recalc-dims=\"1\" \/><\/p>\n<p><span style=\"color: #008000;\"><strong>Nom scientifique<\/strong><\/span>\u00a0: <em>Geochelone elegans<\/em><\/p>\n<p><span style=\"color: #008000;\"><strong>Origine<\/strong><\/span> : Inde et Sri Lanka.<\/p>\n<p><span style=\"color: #008000;\"><strong>Taille<\/strong><\/span> : les m\u00e2les peuvent atteindre 26 cm. de longueur et les femelles 32 cm.<\/p>\n<p><strong><span style=\"color: #008000;\">Au Vivarium<\/span><\/strong> : Exclusivement herbivore notre tortue est nourrie de toute une vari\u00e9t\u00e9 de fruits et l\u00e9gumes.<\/p>\n<p><strong><span style=\"color: #008000;\">Le saviez-vous\u00a0?<\/span><\/strong> Notre tortue partage son terrarium avec un couple d&rsquo;iguanes ob\u00e8ses. Les deux esp\u00e8ces vivent dans des biotopes similaires et ont le m\u00eame r\u00e9gime alimentaire.<\/p>\n<p><strong><span style=\"color: #008000;\">Protection<\/span><\/strong> : Class\u00e9e \u00ab Vuln\u00e9rable \u00bb sur la \u00ab liste rouge \u00bb de l\u2019IUCN et en Annexe 2 de la CITES.<\/p>\n","protected":false},"excerpt":{"rendered":"<p>Nom scientifique\u00a0: Geochelone elegans Origine : Inde et Sri Lanka. Taille : les m\u00e2les peuvent atteindre 26 cm. de longueur et les femelles 32 cm. Au Vivarium : Exclusivement herbivore notre tortue est nourrie de toute une vari\u00e9t\u00e9 de fruits et l\u00e9gumes. Le saviez-vous\u00a0? Notre tortue partage son terrarium avec un couple d&rsquo;iguanes ob\u00e8ses. Les <a href=\"https:\/\/vivariumdemeyrin.ch\/?p=1156\" rel=\"nofollow\"><span class=\"sr-only\">En savoir plus surLa Tortue \u00e9toil\u00e9e d&rsquo;Inde<\/span>[&hellip;]<\/a><\/p>\n","protected":false},"author":2,"featured_media":0,"comment_status":"closed","ping_status":"open","sticky":false,"template":"","format":"standard","meta":{"jetpack_post_was_ever_published":false,"jetpack_publicize_message":"","jetpack_is_tweetstorm":false,"jetpack_publicize_feature_enabled":true},"categories":[6],"tags":[],"jetpack_publicize_connections":[],"jetpack_featured_media_url":"","jetpack_sharing_enabled":true,"jetpack_shortlink":"https:\/\/wp.me\/p6KoXt-iE","jetpack-related-posts":[{"id":1181,"url":"https:\/\/vivariumdemeyrin.ch\/?p=1181","url_meta":{"origin":1156,"position":0},"title":"La Cistude d&rsquo;Europe","date":"23 novembre 2022","format":false,"excerpt":"Nom scientifique\u00a0: Emys orbicularis Origine : Large territoire de l'Europe au Moyen-Orient et en Afrique du nord Taille : Tortue de petite taille, en moyenne 14 cm. de longueur au maximum 20 cm. Au Vivarium : Notre groupe reproducteur occupe un aquaterrarium dans la serre, elles sont toujours visibles. Voraces,\u2026","rel":"","context":"Dans &quot;Les Ch\u00e9loniens (Tortues)&quot;","img":{"alt_text":"","src":"","width":0,"height":0},"classes":[]},{"id":489,"url":"https:\/\/vivariumdemeyrin.ch\/?p=489","url_meta":{"origin":1156,"position":1},"title":"La tortue bo\u00eete d\u2019Amboine","date":"5 septembre 2016","format":false,"excerpt":"Nom scientifique\u00a0: Cuora amboinensis Origine\u00a0: Vaste territoire en Asie du Sud-Est, de l\u2019Inde \u00e0 la pointe de la Nouvelle-Guin\u00e9e en passant par les Philippines et Sulawesi. Taille\u00a0: 20 cm en moyenne. Au Vivarium\u00a0: Le groupe h\u00e9berg\u00e9 dans la grande serre est compos\u00e9 d\u2019un m\u00e2le et deux femelles, qui pondent r\u00e9guli\u00e8rement.\u2026","rel":"","context":"Dans &quot;Les Ch\u00e9loniens (Tortues)&quot;","img":{"alt_text":"","src":"","width":0,"height":0},"classes":[]},{"id":66,"url":"https:\/\/vivariumdemeyrin.ch\/?p=66","url_meta":{"origin":1156,"position":2},"title":"Tortue de Hermann","date":"14 ao\u00fbt 2015","format":false,"excerpt":"Tortue D'Hermann\u00a0\u00a0\u00a0\u00a0\u00a0\u00a0\u00a0\u00a0\u00a0\u00a0\u00a0\u00a0\u00a0\u00a0\u00a0\u00a0\u00a0\u00a0\u00a0\u00a0\u00a0\u00a0\u00a0\u00a0\u00a0\u00a0\u00a0\u00a0\u00a0\u00a0\u00a0\u00a0\u00a0\u00a0\u00a0\u00a0\u00a0\u00a0\u00a0\u00a0\u00a0\u00a0\u00a0\u00a0\u00a0\u00a0\u00a0\u00a0\u00a0\u00a0\u00a0\u00a0\u00a0\u00a0\u00a0\u00a0\u00a0\u00a0\u00a0\u00a0\u00a0\u00a0\u00a0\u00a0\u00a0\u00a0\u00a0\u00a0\u00a0\u00a0\u00a0\u00a0\u00a0\u00a0\u00a0\u00a0\u00a0\u00a0\u00a0\u00a0\u00a0\u00a0\u00a0\u00a0\u00a0\u00a0\u00a0\u00a0\u00a0\u00a0\u00a0\u00a0\u00a0\u00a0\u00a0\u00a0\u00a0\u00a0 Testudo hermanni (Testudinidae) Biotope\u00a0\u00a0\u00a0\u00a0\u00a0\u00a0\u00a0\u00a0\u00a0\u00a0\u00a0 Sous-bois denses Nourriture\u00a0\u00a0\u00a0\u00a0\u00a0\u00a0\u00a0\u00a0\u00a0L\u00e9gumineuse, escargots, v\u00e9rs Reproduction\u00a0\u00a0\u00a0\u00a0 Ovipare Taille (max.)\u00a0\u00a0\u00a0\u00a0\u00a0 20 cm Hermann Schildkr\u00f6te Testudo\u00a0hermanni (Testudinae) Biotop\u00a0\u00a0\u00a0\u00a0\u00a0\u00a0\u00a0\u00a0\u00a0\u00a0\u00a0\u00a0\u00a0\u00a0Dichter wald Nahrung\u00a0\u00a0\u00a0\u00a0\u00a0\u00a0\u00a0\u00a0\u00a0\u00a0\u00a0 H\u00fclsenfr\u00fcchte, Schnecken Fortpflanzung\u00a0\u00a0\u00a0\u00a0 Ovipar L\u00e4nge (max.)\u00a0\u00a0\u00a0\u00a0 20 cm Hermann\u2019s Tortoise Testudo hermanni (Testudinae) Habitat\u00a0\u00a0\u00a0\u00a0\u00a0\u00a0\u00a0\u00a0\u00a0\u00a0\u00a0\u00a0\u00a0 Wooded country Food\u00a0\u00a0\u00a0\u00a0\u00a0\u00a0\u00a0\u00a0\u00a0\u00a0\u00a0\u00a0\u00a0\u00a0\u00a0\u00a0 Leguminous plants, snails, worms Reproduction\u00a0\u00a0\u00a0\u00a0 Oviparous Length (max.)\u00a0\u00a0\u00a0 20\u2026","rel":"","context":"Dans &quot;Les Ch\u00e9loniens (Tortues)&quot;","img":{"alt_text":"","src":"https:\/\/i0.wp.com\/vivariumdemeyrin.ch\/wp-content\/uploads\/2015\/08\/herman.jpg?fit=700%2C575&ssl=1&resize=350%2C200","width":350,"height":200},"classes":[]},{"id":969,"url":"https:\/\/vivariumdemeyrin.ch\/?p=969","url_meta":{"origin":1156,"position":3},"title":"L&rsquo;Iguane des Fidji","date":"21 novembre 2022","format":false,"excerpt":"Nom scientifique : Brachylophus\u00a0fasciatus Origine : \u00celes\u00a0Fidji\u00a0et Tonga. Taille : g\u00e9n\u00e9ralement 65 \u00e0 75 cm. parfois jusqu'\u00e0 80 cm. Au Vivarium : Notre iguane reste souvent perch\u00e9 \u00e0 se chauffer sous la lampe. Il vit en compagnie de petits scinques, cette cohabitation ne pose pas de probl\u00e8me, il est possible\u2026","rel":"","context":"Dans &quot;Les Sauriens (L\u00e9zards)&quot;","img":{"alt_text":"","src":"","width":0,"height":0},"classes":[]},{"id":999,"url":"https:\/\/vivariumdemeyrin.ch\/?p=999","url_meta":{"origin":1156,"position":4},"title":"Le Scinque \u00e0 queue pr\u00e9hensile","date":"21 novembre 2022","format":false,"excerpt":"Nom scientifique\u00a0: Corucia zebrata Origine : Archipel des \u00eeles Salomons. Taille : Peut atteindre 70 cm. Au Vivarium : Nocturne, la journ\u00e9e vous les verrez dormir \u00e0 l'int\u00e9rieur de leur tronc en ch\u00eane li\u00e8ge. Notre couple \u00e0 plusieurs fois donn\u00e9 naissance \u00e0 des petits, deux petits par port\u00e9e, ce qui\u2026","rel":"","context":"Dans &quot;Les Sauriens (L\u00e9zards)&quot;","img":{"alt_text":"","src":"https:\/\/i0.wp.com\/vivariumdemeyrin.ch\/wp-content\/uploads\/2022\/11\/Corucia-zebrata-DSC_2894-1_1-300x200.jpg?resize=350%2C200","width":350,"height":200},"classes":[]},{"id":835,"url":"https:\/\/vivariumdemeyrin.ch\/?p=835","url_meta":{"origin":1156,"position":5},"title":"La Vip\u00e8re aspic","date":"19 novembre 2022","format":false,"excerpt":"Nom scientifique\u00a0: Vipera aspis Origine : Espagne, France, Italie et Suisse. Taille : La vip\u00e8re aspic est un serpent de petite taille, 50 \u00e0 70 cm. Au Vivarium : Notre sp\u00e9cimen est pr\u00e9sent\u00e9 dans un environnement rappelant le milieu d\u2019origine de la vip\u00e8re aspic. Cette derni\u00e8re pr\u00e9sente une coloration plut\u00f4t\u2026","rel":"","context":"Dans &quot;Les Ophidiens (Serpents)&quot;","img":{"alt_text":"","src":"https:\/\/i0.wp.com\/vivariumdemeyrin.ch\/wp-content\/uploads\/2022\/11\/Vipere-aspic-Vipera-aspis-002carre-300x300.jpg?resize=350%2C200","width":350,"height":200},"classes":[]}],"_links":{"self":[{"href":"https:\/\/vivariumdemeyrin.ch\/index.php?rest_route=\/wp\/v2\/posts\/1156"}],"collection":[{"href":"https:\/\/vivariumdemeyrin.ch\/index.php?rest_route=\/wp\/v2\/posts"}],"about":[{"href":"https:\/\/vivariumdemeyrin.ch\/index.php?rest_route=\/wp\/v2\/types\/post"}],"author":[{"embeddable":true,"href":"https:\/\/vivariumdemeyrin.ch\/index.php?rest_route=\/wp\/v2\/users\/2"}],"replies":[{"embeddable":true,"href":"https:\/\/vivariumdemeyrin.ch\/index.php?rest_route=%2Fwp%2Fv2%2Fcomments&post=1156"}],"version-history":[{"count":4,"href":"https:\/\/vivariumdemeyrin.ch\/index.php?rest_route=\/wp\/v2\/posts\/1156\/revisions"}],"predecessor-version":[{"id":1161,"href":"https:\/\/vivariumdemeyrin.ch\/index.php?rest_route=\/wp\/v2\/posts\/1156\/revisions\/1161"}],"wp:attachment":[{"href":"https:\/\/vivariumdemeyrin.ch\/index.php?rest_route=%2Fwp%2Fv2%2Fmedia&parent=1156"}],"wp:term":[{"taxonomy":"category","embeddable":true,"href":"https:\/\/vivariumdemeyrin.ch\/index.php?rest_route=%2Fwp%2Fv2%2Fcategories&post=1156"},{"taxonomy":"post_tag","embeddable":true,"href":"https:\/\/vivariumdemeyrin.ch\/index.php?rest_route=%2Fwp%2Fv2%2Ftags&post=1156"}],"curies":[{"name":"wp","href":"https:\/\/api.w.org\/{rel}","templated":true}]}}