{"id":988,"date":"2022-11-21T12:37:25","date_gmt":"2022-11-21T12:37:25","guid":{"rendered":"https:\/\/vivariumdemeyrin.ch\/?p=988"},"modified":"2022-11-21T12:56:49","modified_gmt":"2022-11-21T12:56:49","slug":"lagame-stellion","status":"publish","type":"post","link":"http:\/\/vivariumdemeyrin.ch\/?p=988","title":{"rendered":"L&rsquo;Agame Stellion"},"content":{"rendered":"<p><strong><span style=\"color: #008000;\"><img data-attachment-id=\"992\" data-permalink=\"http:\/\/vivariumdemeyrin.ch\/?attachment_id=992\" data-orig-file=\"https:\/\/i0.wp.com\/vivariumdemeyrin.ch\/wp-content\/uploads\/2022\/11\/Stellagama-stellio-daani-007.jpg-01.jpg?fit=1662%2C1110\" data-orig-size=\"1662,1110\" data-comments-opened=\"0\" data-image-meta=\"{&quot;aperture&quot;:&quot;8&quot;,&quot;credit&quot;:&quot;&quot;,&quot;camera&quot;:&quot;NIKON D800&quot;,&quot;caption&quot;:&quot;&quot;,&quot;created_timestamp&quot;:&quot;1368316800&quot;,&quot;copyright&quot;:&quot;&quot;,&quot;focal_length&quot;:&quot;48&quot;,&quot;iso&quot;:&quot;100&quot;,&quot;shutter_speed&quot;:&quot;0.004&quot;,&quot;title&quot;:&quot;&quot;,&quot;orientation&quot;:&quot;1&quot;}\" data-image-title=\"Stellagama stellio daani 007.jpg 01\" data-image-description=\"\" data-image-caption=\"\" data-medium-file=\"https:\/\/i0.wp.com\/vivariumdemeyrin.ch\/wp-content\/uploads\/2022\/11\/Stellagama-stellio-daani-007.jpg-01.jpg?fit=300%2C200\" data-large-file=\"https:\/\/i0.wp.com\/vivariumdemeyrin.ch\/wp-content\/uploads\/2022\/11\/Stellagama-stellio-daani-007.jpg-01.jpg?fit=640%2C428\" decoding=\"async\" loading=\"lazy\" class=\"alignnone wp-image-992 size-medium\" src=\"https:\/\/i0.wp.com\/vivariumdemeyrin.ch\/wp-content\/uploads\/2022\/11\/Stellagama-stellio-daani-007.jpg-01.jpg?resize=300%2C200\" alt=\"\" width=\"300\" height=\"200\" srcset=\"https:\/\/i0.wp.com\/vivariumdemeyrin.ch\/wp-content\/uploads\/2022\/11\/Stellagama-stellio-daani-007.jpg-01.jpg?resize=300%2C200 300w, https:\/\/i0.wp.com\/vivariumdemeyrin.ch\/wp-content\/uploads\/2022\/11\/Stellagama-stellio-daani-007.jpg-01.jpg?resize=1024%2C684 1024w, https:\/\/i0.wp.com\/vivariumdemeyrin.ch\/wp-content\/uploads\/2022\/11\/Stellagama-stellio-daani-007.jpg-01.jpg?resize=768%2C513 768w, https:\/\/i0.wp.com\/vivariumdemeyrin.ch\/wp-content\/uploads\/2022\/11\/Stellagama-stellio-daani-007.jpg-01.jpg?resize=1536%2C1026 1536w, https:\/\/i0.wp.com\/vivariumdemeyrin.ch\/wp-content\/uploads\/2022\/11\/Stellagama-stellio-daani-007.jpg-01.jpg?resize=750%2C500 750w, https:\/\/i0.wp.com\/vivariumdemeyrin.ch\/wp-content\/uploads\/2022\/11\/Stellagama-stellio-daani-007.jpg-01.jpg?w=1662 1662w, https:\/\/i0.wp.com\/vivariumdemeyrin.ch\/wp-content\/uploads\/2022\/11\/Stellagama-stellio-daani-007.jpg-01.jpg?w=1280 1280w\" sizes=\"(max-width: 300px) 100vw, 300px\" data-recalc-dims=\"1\" \/><\/span><\/strong><\/p>\n<p><strong><span style=\"color: #008000;\">Nom scientifique<\/span><\/strong>\u00a0: <i>Stellagama stellio<\/i><\/p>\n<p><strong><span style=\"color: #008000;\">Origine<\/span><\/strong> : Proche orient, Egypte, Isra\u00ebl, Jordanie, Arabie saoudite, Irak, Liban, Syrie, Turquie, Chypre, Gr\u00e8ce et Mac\u00e9doine du nord.<\/p>\n<p><strong><span style=\"color: #008000;\">Taille<\/span><\/strong> : 30 cm.<\/p>\n<p><strong><span style=\"color: #008000;\">Au Vivarium<\/span><\/strong> : Notre Agame stellio est souvent perch\u00e9 en haut de son terrarium. Assez craintif, il part se cacher si on approche trop brusquement. Il se nourrit d&rsquo;insectes.<\/p>\n<p><strong><span style=\"color: #008000;\">Le saviez-vous\u00a0?<\/span><\/strong> Il est le seul repr\u00e9sentant de la famille des Agamid\u00e9s en Europe.<\/p>\n<p><strong><span style=\"color: #008000;\">Protection<\/span><\/strong> : Esp\u00e8ce class\u00e9e en pr\u00e9occupation mineure sur la liste rouge de l&rsquo;UICN.<\/p>\n","protected":false},"excerpt":{"rendered":"<p>Nom scientifique\u00a0: Stellagama stellio Origine : Proche orient, Egypte, Isra\u00ebl, Jordanie, Arabie saoudite, Irak, Liban, Syrie, Turquie, Chypre, Gr\u00e8ce et Mac\u00e9doine du nord. Taille : 30 cm. Au Vivarium : Notre Agame stellio est souvent perch\u00e9 en haut de son terrarium. Assez craintif, il part se cacher si on approche trop brusquement. Il se nourrit <a href=\"http:\/\/vivariumdemeyrin.ch\/?p=988\" rel=\"nofollow\"><span class=\"sr-only\">En savoir plus surL&rsquo;Agame Stellion<\/span>[&hellip;]<\/a><\/p>\n","protected":false},"author":2,"featured_media":0,"comment_status":"closed","ping_status":"open","sticky":false,"template":"","format":"standard","meta":{"jetpack_post_was_ever_published":false,"jetpack_publicize_message":"","jetpack_is_tweetstorm":false,"jetpack_publicize_feature_enabled":true},"categories":[4,1],"tags":[],"jetpack_publicize_connections":[],"jetpack_featured_media_url":"","jetpack_sharing_enabled":true,"jetpack_shortlink":"https:\/\/wp.me\/p6KoXt-fW","jetpack-related-posts":[{"id":969,"url":"http:\/\/vivariumdemeyrin.ch\/?p=969","url_meta":{"origin":988,"position":0},"title":"L&rsquo;Iguane des Fidji","date":"21 novembre 2022","format":false,"excerpt":"Nom scientifique : Brachylophus\u00a0fasciatus Origine : \u00celes\u00a0Fidji\u00a0et Tonga. Taille : g\u00e9n\u00e9ralement 65 \u00e0 75 cm. parfois jusqu'\u00e0 80 cm. Au Vivarium : Notre iguane reste souvent perch\u00e9 \u00e0 se chauffer sous la lampe. Il vit en compagnie de petits scinques, cette cohabitation ne pose pas de probl\u00e8me, il est possible\u2026","rel":"","context":"Dans &quot;Les Sauriens (L\u00e9zards)&quot;","img":{"alt_text":"","src":"","width":0,"height":0},"classes":[]},{"id":841,"url":"http:\/\/vivariumdemeyrin.ch\/?p=841","url_meta":{"origin":988,"position":1},"title":"Le Dragon d&rsquo;eau chinois","date":"19 novembre 2022","format":false,"excerpt":"Nom scientifique\u00a0: Physignathus cocincinus Origine : Asie du sud-est, Cambodge, Tha\u00eflande, Vietnam et sud de la Chine. Taille : g\u00e9n\u00e9ralement 65 \u00e0 75 cm. rarement jusqu'\u00e0 1 m. Au Vivarium : les dragons d'eau restent souvent perch\u00e9s \u00e0 se chauffer sous la lampe, ils appr\u00e9cient aussi de pouvoir se baigner\u2026","rel":"","context":"Dans &quot;Les Sauriens (L\u00e9zards)&quot;","img":{"alt_text":"","src":"https:\/\/i0.wp.com\/vivariumdemeyrin.ch\/wp-content\/uploads\/2022\/11\/Physignathus-cocincinus_DSC_2059_carre-300x300.jpg?resize=350%2C200","width":350,"height":200},"classes":[]},{"id":462,"url":"http:\/\/vivariumdemeyrin.ch\/?p=462","url_meta":{"origin":988,"position":2},"title":"Le Cobra noir et blanc","date":"5 septembre 2016","format":false,"excerpt":"Nom scientifique\u00a0: Naja melanoleuca Origine\u00a0: Large aire de r\u00e9partition en Afrique, de l\u2019Ethiopie au Congo et jusqu\u2019en Afrique du Sud. Taille\u00a0: Jusqu\u2019\u00e0 2m50 mais en moyenne, ne d\u00e9passe pas 2 m\u00e8tres. Au Vivarium\u00a0: Le saviez-vous\u00a0? Ce serpent forestier appr\u00e9cie particuli\u00e8rement les lieux humides, les creux d\u2019arbres et les termiti\u00e8res. Il\u2026","rel":"","context":"Dans &quot;Les Ophidiens (Serpents)&quot;","img":{"alt_text":"","src":"","width":0,"height":0},"classes":[]},{"id":445,"url":"http:\/\/vivariumdemeyrin.ch\/?p=445","url_meta":{"origin":988,"position":3},"title":"Les Mygales","date":"5 septembre 2016","format":false,"excerpt":"Nom scientifique\u00a0: divers. Origine\u00a0: Les mygales (ordre des Mygalomorphes) sont omnipr\u00e9sentes sur tous les continents, depuis le sud de la France ou du Canada pour la latitude la plus au Nord jusqu\u2019au sud de l\u2019Argentine pour les plus australes. Taille\u00a0: de 2 \u00e0 40 cm (la plus grande des mygales\u2026","rel":"","context":"Dans &quot;Les Arthropodes&quot;","img":{"alt_text":"","src":"https:\/\/i0.wp.com\/vivariumdemeyrin.ch\/wp\/wp-content\/uploads\/2016\/09\/Mygale-02-300x227.jpg?resize=350%2C200","width":350,"height":200},"classes":[]},{"id":471,"url":"http:\/\/vivariumdemeyrin.ch\/?p=471","url_meta":{"origin":988,"position":4},"title":"Le L\u00e9zard ocell\u00e9","date":"5 septembre 2016","format":false,"excerpt":"Nom scientifique\u00a0: Timon lepidus (anciennement Lacerta lepida) Origine\u00a0: Sud de la France, Espagne et Portugal. Taille\u00a0: Jusqu\u2019\u00e0 75 cm pour les sp\u00e9cimens espagnols. Au Vivarium\u00a0: les l\u00e9zards ocell\u00e9s s\u2019apprivoisent facilement et viennent volontiers manger \u00e0 la main de leurs soigneurs. Ce sont par contre des animaux extr\u00eamement territoriaux et en\u2026","rel":"","context":"Dans &quot;Les Sauriens (L\u00e9zards)&quot;","img":{"alt_text":"","src":"https:\/\/i0.wp.com\/vivariumdemeyrin.ch\/wp\/wp-content\/uploads\/2016\/09\/L\u00c3\u00a9zard-ocell\u00c3\u00a9-Timon-lepidus-006-300x300.jpg?resize=350%2C200","width":350,"height":200},"classes":[]},{"id":447,"url":"http:\/\/vivariumdemeyrin.ch\/?p=447","url_meta":{"origin":988,"position":5},"title":"Le Ca\u00efman \u00e0 lunette","date":"5 septembre 2016","format":false,"excerpt":"Nom scientifique\u00a0: Caiman crocodilus Origine\u00a0: Large aire de r\u00e9partition de l\u2019Am\u00e9rique centrale au centre de l\u2019Am\u00e9rique du sud. Taille\u00a0: 1m80 en moyenne, maximum connu de 2m65. Au Vivarium\u00a0: Notre couple de ca\u00efmans occupe un vivarium de la grande serre visible sur deux \u00e9tages. Il vous est ainsi possible de les\u2026","rel":"","context":"Dans &quot;Les Crocodiliens&quot;","img":{"alt_text":"","src":"","width":0,"height":0},"classes":[]}],"_links":{"self":[{"href":"http:\/\/vivariumdemeyrin.ch\/index.php?rest_route=\/wp\/v2\/posts\/988"}],"collection":[{"href":"http:\/\/vivariumdemeyrin.ch\/index.php?rest_route=\/wp\/v2\/posts"}],"about":[{"href":"http:\/\/vivariumdemeyrin.ch\/index.php?rest_route=\/wp\/v2\/types\/post"}],"author":[{"embeddable":true,"href":"http:\/\/vivariumdemeyrin.ch\/index.php?rest_route=\/wp\/v2\/users\/2"}],"replies":[{"embeddable":true,"href":"http:\/\/vivariumdemeyrin.ch\/index.php?rest_route=%2Fwp%2Fv2%2Fcomments&post=988"}],"version-history":[{"count":2,"href":"http:\/\/vivariumdemeyrin.ch\/index.php?rest_route=\/wp\/v2\/posts\/988\/revisions"}],"predecessor-version":[{"id":993,"href":"http:\/\/vivariumdemeyrin.ch\/index.php?rest_route=\/wp\/v2\/posts\/988\/revisions\/993"}],"wp:attachment":[{"href":"http:\/\/vivariumdemeyrin.ch\/index.php?rest_route=%2Fwp%2Fv2%2Fmedia&parent=988"}],"wp:term":[{"taxonomy":"category","embeddable":true,"href":"http:\/\/vivariumdemeyrin.ch\/index.php?rest_route=%2Fwp%2Fv2%2Fcategories&post=988"},{"taxonomy":"post_tag","embeddable":true,"href":"http:\/\/vivariumdemeyrin.ch\/index.php?rest_route=%2Fwp%2Fv2%2Ftags&post=988"}],"curies":[{"name":"wp","href":"https:\/\/api.w.org\/{rel}","templated":true}]}}