{"id":1199,"date":"2022-11-24T07:41:00","date_gmt":"2022-11-24T07:41:00","guid":{"rendered":"https:\/\/vivariumdemeyrin.ch\/?p=1199"},"modified":"2022-11-24T14:58:48","modified_gmt":"2022-11-24T14:58:48","slug":"le-typhlonectes-natans","status":"publish","type":"post","link":"http:\/\/vivariumdemeyrin.ch\/?p=1199","title":{"rendered":"Le Typhlonectes Natans"},"content":{"rendered":"<p><img data-attachment-id=\"1212\" data-permalink=\"http:\/\/vivariumdemeyrin.ch\/?attachment_id=1212\" data-orig-file=\"https:\/\/i0.wp.com\/vivariumdemeyrin.ch\/wp-content\/uploads\/2022\/11\/Typhlonectes-natans-DSC_9774-scaled.jpg?fit=2560%2C1440\" data-orig-size=\"2560,1440\" data-comments-opened=\"0\" data-image-meta=\"{&quot;aperture&quot;:&quot;4.5&quot;,&quot;credit&quot;:&quot;Charly Merminod&quot;,&quot;camera&quot;:&quot;NIKON D800&quot;,&quot;caption&quot;:&quot;&quot;,&quot;created_timestamp&quot;:&quot;1493627896&quot;,&quot;copyright&quot;:&quot;\\u00a9 Charly Merminod&quot;,&quot;focal_length&quot;:&quot;52&quot;,&quot;iso&quot;:&quot;6400&quot;,&quot;shutter_speed&quot;:&quot;0.004&quot;,&quot;title&quot;:&quot;&quot;,&quot;orientation&quot;:&quot;1&quot;}\" data-image-title=\"Typhlonectes natans DSC_9774\" data-image-description=\"\" data-image-caption=\"\" data-medium-file=\"https:\/\/i0.wp.com\/vivariumdemeyrin.ch\/wp-content\/uploads\/2022\/11\/Typhlonectes-natans-DSC_9774-scaled.jpg?fit=300%2C169\" data-large-file=\"https:\/\/i0.wp.com\/vivariumdemeyrin.ch\/wp-content\/uploads\/2022\/11\/Typhlonectes-natans-DSC_9774-scaled.jpg?fit=640%2C360\" decoding=\"async\" loading=\"lazy\" class=\"alignnone wp-image-1212 size-medium\" src=\"https:\/\/i0.wp.com\/vivariumdemeyrin.ch\/wp-content\/uploads\/2022\/11\/Typhlonectes-natans-DSC_9774.jpg?resize=300%2C169\" alt=\"\" width=\"300\" height=\"169\" srcset=\"https:\/\/i0.wp.com\/vivariumdemeyrin.ch\/wp-content\/uploads\/2022\/11\/Typhlonectes-natans-DSC_9774-scaled.jpg?resize=300%2C169 300w, https:\/\/i0.wp.com\/vivariumdemeyrin.ch\/wp-content\/uploads\/2022\/11\/Typhlonectes-natans-DSC_9774-scaled.jpg?resize=1024%2C576 1024w, https:\/\/i0.wp.com\/vivariumdemeyrin.ch\/wp-content\/uploads\/2022\/11\/Typhlonectes-natans-DSC_9774-scaled.jpg?resize=768%2C432 768w, https:\/\/i0.wp.com\/vivariumdemeyrin.ch\/wp-content\/uploads\/2022\/11\/Typhlonectes-natans-DSC_9774-scaled.jpg?resize=1536%2C864 1536w, https:\/\/i0.wp.com\/vivariumdemeyrin.ch\/wp-content\/uploads\/2022\/11\/Typhlonectes-natans-DSC_9774-scaled.jpg?resize=2048%2C1152 2048w, https:\/\/i0.wp.com\/vivariumdemeyrin.ch\/wp-content\/uploads\/2022\/11\/Typhlonectes-natans-DSC_9774-scaled.jpg?w=1280 1280w, https:\/\/i0.wp.com\/vivariumdemeyrin.ch\/wp-content\/uploads\/2022\/11\/Typhlonectes-natans-DSC_9774-scaled.jpg?w=1920 1920w\" sizes=\"(max-width: 300px) 100vw, 300px\" data-recalc-dims=\"1\" \/><\/p>\n<p><strong><span style=\"color: #008000;\">Nom scientifique<\/span><\/strong>\u00a0: <em>Typhlonectes natans<\/em><\/p>\n<p><strong><span style=\"color: #008000;\">Origine<\/span><\/strong> : Se rencontre en Colombie dans les bassins du rio Cauca et du rio Magdalena et au Venezuela dans la bassin du lac Maracaibo.<\/p>\n<p><strong><span style=\"color: #008000;\">Taille\u00a0<\/span><\/strong>: environ 40 cm.<\/p>\n<p><strong><span style=\"color: #008000;\">Au Vivarium<\/span><\/strong> : Nous pr\u00e9sentons trois de ces curieux amphibiens apodes (qui ne poss\u00e8de pas de pattes). Cette esp\u00e8ce est enti\u00e8rement aquatique, assez active, vous pourrez facilement l&rsquo;observer venant respirer \u00e0 la surface. Elle se nourris de toutes sortes de petits animaux aquatiques, mais aussi de cadavres de poissons.<\/p>\n<p><strong><span style=\"color: #008000;\">Le saviez-vous ?\u00a0<\/span><\/strong><span style=\"color: #008000;\"><span style=\"color: #000000;\">L&rsquo;ordre des Gymnophiona auquel appartient cette esp\u00e8ce est compos\u00e9 d&rsquo;un grand nombre d&rsquo;esp\u00e8ces d&rsquo;amphibiens, tous d\u00e9pourvus de pattes. Ils ressemblent \u00e0 des vers de terre et vivent la plupart du temps sous terre. Quelques esp\u00e8ces comme celle que nous pr\u00e9sentons, sont aquatiques.<\/span><\/span><\/p>\n<p><strong><span style=\"color: #008000;\">Protection<\/span><\/strong> : Pas de statut de protection.<\/p>\n","protected":false},"excerpt":{"rendered":"<p>Nom scientifique\u00a0: Typhlonectes natans Origine : Se rencontre en Colombie dans les bassins du rio Cauca et du rio Magdalena et au Venezuela dans la bassin du lac Maracaibo. Taille\u00a0: environ 40 cm. Au Vivarium : Nous pr\u00e9sentons trois de ces curieux amphibiens apodes (qui ne poss\u00e8de pas de pattes). Cette esp\u00e8ce est enti\u00e8rement aquatique, <a href=\"http:\/\/vivariumdemeyrin.ch\/?p=1199\" rel=\"nofollow\"><span class=\"sr-only\">En savoir plus surLe Typhlonectes Natans<\/span>[&hellip;]<\/a><\/p>\n","protected":false},"author":2,"featured_media":0,"comment_status":"closed","ping_status":"open","sticky":false,"template":"","format":"standard","meta":{"jetpack_post_was_ever_published":false,"jetpack_publicize_message":"","jetpack_is_tweetstorm":false,"jetpack_publicize_feature_enabled":true},"categories":[8],"tags":[],"jetpack_publicize_connections":[],"jetpack_featured_media_url":"","jetpack_sharing_enabled":true,"jetpack_shortlink":"https:\/\/wp.me\/p6KoXt-jl","jetpack-related-posts":[{"id":1166,"url":"http:\/\/vivariumdemeyrin.ch\/?p=1166","url_meta":{"origin":1199,"position":0},"title":"Le Boa d&rsquo;Amazonie","date":"23 novembre 2022","format":false,"excerpt":"Nom scientifique\u00a0: Corallus hortulanus Origine : For\u00eats primaires et secondaires du Nord de l'Am\u00e9rique du sud, Trinidad & Tobago et quelques \u00eeles des petites Antilles. Taille : Mesure entre 1m50 et 2 m. Au Vivarium : Tr\u00e8s polymorphe, le sp\u00e9cimen pr\u00e9sent\u00e9 au Vivarium \u00e0 une coloration qui varie dans la\u2026","rel":"","context":"Dans &quot;Les Ophidiens (Serpents)&quot;","img":{"alt_text":"","src":"https:\/\/i0.wp.com\/vivariumdemeyrin.ch\/wp-content\/uploads\/2022\/11\/Corallus-hortulanus_DSC_1993-300x200.jpg?resize=350%2C200","width":350,"height":200},"classes":[]},{"id":1181,"url":"http:\/\/vivariumdemeyrin.ch\/?p=1181","url_meta":{"origin":1199,"position":1},"title":"La Cistude d&rsquo;Europe","date":"23 novembre 2022","format":false,"excerpt":"Nom scientifique\u00a0: Emys orbicularis Origine : Large territoire de l'Europe au Moyen-Orient et en Afrique du nord Taille : Tortue de petite taille, en moyenne 14 cm. de longueur au maximum 20 cm. Au Vivarium : Notre groupe reproducteur occupe un aquaterrarium dans la serre, elles sont toujours visibles. Voraces,\u2026","rel":"","context":"Dans &quot;Les Ch\u00e9loniens (Tortues)&quot;","img":{"alt_text":"","src":"","width":0,"height":0},"classes":[]},{"id":479,"url":"http:\/\/vivariumdemeyrin.ch\/?p=479","url_meta":{"origin":1199,"position":2},"title":"Le Gecko diurne g\u00e9ant de Madagascar","date":"5 septembre 2016","format":false,"excerpt":"Nom scientifique\u00a0: Phelsuma madagascariensis grandis Origine\u00a0: Madagascar Taille\u00a0: jusqu\u2019\u00e0 25 cm Au Vivarium\u00a0: Nos phelsuma se reproduisent de mani\u00e8re naturelle dans leur terrarium. Parviendrez-vous \u00e0 tous les d\u00e9tecter du regard\u00a0? Le saviez-vous\u00a0? Comme beaucoup d\u2019autres geckos arboricoles, les geckos g\u00e9ants de Madagascar ont la particularit\u00e9 d\u2019adh\u00e9rer aux surfaces lisses. Les\u2026","rel":"","context":"Dans &quot;Les Sauriens (L\u00e9zards)&quot;","img":{"alt_text":"","src":"https:\/\/i0.wp.com\/vivariumdemeyrin.ch\/wp-content\/uploads\/2016\/09\/phelsuma-224x300.jpg?resize=350%2C200","width":350,"height":200},"classes":[]},{"id":469,"url":"http:\/\/vivariumdemeyrin.ch\/?p=469","url_meta":{"origin":1199,"position":3},"title":"Le Boa arboricole de Madagascar","date":"5 septembre 2016","format":false,"excerpt":"Nom scientifique\u00a0: Sanzinia madagascariensis Origine\u00a0: For\u00eats primaires et secondaires du Nord et de l\u2019Est de Madagascar. Taille\u00a0: Mesure entre 1m50 et 2m. Au Vivarium\u00a0: La reproduction de cette esp\u00e8ce entre 2012\u00a0et 2016\u00a0constitue l\u2019une des fiert\u00e9s du Vivarium de Meyrin qui promeut la reproduction en captivit\u00e9 d\u2019esp\u00e8ces rares. C\u2019est un serpent\u2026","rel":"","context":"Dans &quot;Les Ophidiens (Serpents)&quot;","img":{"alt_text":"","src":"https:\/\/i0.wp.com\/vivariumdemeyrin.ch\/wp\/wp-content\/uploads\/2016\/09\/Zanzinia-madagascariensis-001-300x223.jpg?resize=350%2C200","width":350,"height":200},"classes":[]},{"id":445,"url":"http:\/\/vivariumdemeyrin.ch\/?p=445","url_meta":{"origin":1199,"position":4},"title":"Les Mygales","date":"5 septembre 2016","format":false,"excerpt":"Nom scientifique\u00a0: divers. Origine\u00a0: Les mygales (ordre des Mygalomorphes) sont omnipr\u00e9sentes sur tous les continents, depuis le sud de la France ou du Canada pour la latitude la plus au Nord jusqu\u2019au sud de l\u2019Argentine pour les plus australes. Taille\u00a0: de 2 \u00e0 40 cm (la plus grande des mygales\u2026","rel":"","context":"Dans &quot;Les Arthropodes&quot;","img":{"alt_text":"","src":"https:\/\/i0.wp.com\/vivariumdemeyrin.ch\/wp\/wp-content\/uploads\/2016\/09\/Mygale-02-300x227.jpg?resize=350%2C200","width":350,"height":200},"classes":[]},{"id":1026,"url":"http:\/\/vivariumdemeyrin.ch\/?p=1026","url_meta":{"origin":1199,"position":5},"title":"Le Python am\u00e9thyste","date":"21 novembre 2022","format":false,"excerpt":"Nom scientifique\u00a0: Morelia amethystina Origine\u00a0: Large r\u00e9partition dans l\u2019archipel Indon\u00e9sien, en Papouasie Nouvelle-Guin\u00e9e ainsi que dans le Nord de l\u2019Australie. Taille\u00a0: Tr\u00e8s long. Certains sp\u00e9cimens peuvent atteindre 7 m\u00e8tres. Cependant, c\u2019est un serpent relativement fin. Au Vivarium : Ce serpent a une dentition puissante et des dents ac\u00e9r\u00e9es. La prudence\u2026","rel":"","context":"Dans &quot;Les Ophidiens (Serpents)&quot;","img":{"alt_text":"","src":"https:\/\/i0.wp.com\/vivariumdemeyrin.ch\/wp\/wp-content\/uploads\/2016\/09\/morelia_amethystina-300x229.jpg?resize=350%2C200","width":350,"height":200},"classes":[]}],"_links":{"self":[{"href":"http:\/\/vivariumdemeyrin.ch\/index.php?rest_route=\/wp\/v2\/posts\/1199"}],"collection":[{"href":"http:\/\/vivariumdemeyrin.ch\/index.php?rest_route=\/wp\/v2\/posts"}],"about":[{"href":"http:\/\/vivariumdemeyrin.ch\/index.php?rest_route=\/wp\/v2\/types\/post"}],"author":[{"embeddable":true,"href":"http:\/\/vivariumdemeyrin.ch\/index.php?rest_route=\/wp\/v2\/users\/2"}],"replies":[{"embeddable":true,"href":"http:\/\/vivariumdemeyrin.ch\/index.php?rest_route=%2Fwp%2Fv2%2Fcomments&post=1199"}],"version-history":[{"count":3,"href":"http:\/\/vivariumdemeyrin.ch\/index.php?rest_route=\/wp\/v2\/posts\/1199\/revisions"}],"predecessor-version":[{"id":1213,"href":"http:\/\/vivariumdemeyrin.ch\/index.php?rest_route=\/wp\/v2\/posts\/1199\/revisions\/1213"}],"wp:attachment":[{"href":"http:\/\/vivariumdemeyrin.ch\/index.php?rest_route=%2Fwp%2Fv2%2Fmedia&parent=1199"}],"wp:term":[{"taxonomy":"category","embeddable":true,"href":"http:\/\/vivariumdemeyrin.ch\/index.php?rest_route=%2Fwp%2Fv2%2Fcategories&post=1199"},{"taxonomy":"post_tag","embeddable":true,"href":"http:\/\/vivariumdemeyrin.ch\/index.php?rest_route=%2Fwp%2Fv2%2Ftags&post=1199"}],"curies":[{"name":"wp","href":"https:\/\/api.w.org\/{rel}","templated":true}]}}